{"id":1773,"date":"2024-09-23T13:53:08","date_gmt":"2024-09-23T13:53:08","guid":{"rendered":"https:\/\/fgv.nu\/?p=1773"},"modified":"2024-09-23T13:53:10","modified_gmt":"2024-09-23T13:53:10","slug":"nyuppsattning-chalmersspexet-vera-jeanne-darc","status":"publish","type":"post","link":"https:\/\/fgv.nu\/?p=1773","title":{"rendered":"Nyupps\u00e4ttning Chalmersspexet Vera Jeanne d&#8217;Arc"},"content":{"rendered":"\n<p>\u00c4ntligen \u00e4r Jeanne d'Arc tillbaka! Det \u00e4r nu tio \u00e5r sedan rid\u00e5n drogs upp f\u00f6r Chalmersspexet Vera Jeanne d'Arc f\u00f6r f\u00f6rsta g\u00e5ngen, och nu finns en unik m\u00f6jlighet att \u00e5teruppleva spexet, eller att se det f\u00f6r f\u00f6rsta g\u00e5ngen. Samma handling, och i huvudsak samma chalmerister p\u00e5 och bakom scenen. Vi spelar tv\u00e5 f\u00f6rest\u00e4llningar i G\u00f6teborg, i RunAn p\u00e5 Chalmers: - L\u00f6rdag 26\/10 klockan 17:00, med efterf\u00f6ljande spexkalas - S\u00f6ndag 27\/10 klockan 14:00 Information och biljetter hittas p\u00e5:<\/p>\n\n\n\n<p><a rel=\"noreferrer noopener\" href=\"https:\/\/jeannedarc.se\/\" target=\"_blank\">https:\/\/jeannedarc.se\/<\/a><\/p>\n\n\n\n<h2 class=\"wp-block-heading\"> Vad handlar spexet om? <\/h2>\n\n\n\n<p>Kriget har p\u00e5g\u00e5tt i n\u00e4stan hundra \u00e5r. Sedan 1337 har striderna mellan England och Frankrike b\u00f6ljat fram och tillbaka och nu \u00e4r Frankrikes l\u00e4ge kritiskt; de m\u00e5ste f\u00e5 f\u00f6rst\u00e4rkning! Hertigen av Burgund kan bli landets r\u00e4ddning, men den franske unge kronprinsens engelska syster \u00e4r honom i h\u00e4larna. Och hon har mord i blicken. Vem kan fr\u00e4lsa Frankrike fr\u00e5n fienden n\u00e4r eliten \u00e4r upptagen? I en kyrka, l\u00e5ngt borta fr\u00e5n de gyllene salarnas dramatik, kn\u00e4b\u00f6jer en ung bondflicka invid altaret. H\u00e4nderna vilar hon p\u00e5 sitt sv\u00e4rdshjalt medan hon lyssnar. Och uppfylls av gudomlig eld. Hennes namn \u00e4r Jeanne...<\/p>\n","protected":false},"excerpt":{"rendered":"<p>\u00c4ntligen \u00e4r Jeanne d&#8217;Arc tillbaka! Det \u00e4r nu tio \u00e5r sedan rid\u00e5n drogs upp f\u00f6r Chalmersspexet Vera Jeanne d&#8217;Arc f\u00f6r f\u00f6rsta g\u00e5ngen, och nu finns en unik m\u00f6jlighet att \u00e5teruppleva spexet, eller att se det f\u00f6r f\u00f6rsta g\u00e5ngen. Samma handling, och i huvudsak samma chalmerister p\u00e5 och bakom scenen. Vi spelar tv\u00e5 f\u00f6rest\u00e4llningar i G\u00f6teborg,&hellip;&nbsp;<a href=\"https:\/\/fgv.nu\/?p=1773\" class=\"\" rel=\"bookmark\">Read More &raquo;<span class=\"screen-reader-text\">Nyupps\u00e4ttning Chalmersspexet Vera Jeanne d&#8217;Arc<\/span><\/a><\/p>\n","protected":false},"author":128,"featured_media":0,"comment_status":"closed","ping_status":"open","sticky":false,"template":"","format":"standard","meta":{"neve_meta_sidebar":"","neve_meta_container":"","neve_meta_enable_content_width":"","neve_meta_content_width":0,"neve_meta_title_alignment":"","neve_meta_author_avatar":"","neve_post_elements_order":"","neve_meta_disable_header":"","neve_meta_disable_footer":"","neve_meta_disable_title":"","footnotes":""},"categories":[1],"tags":[],"class_list":["post-1773","post","type-post","status-publish","format-standard","hentry","category-uncategorized"],"_links":{"self":[{"href":"https:\/\/fgv.nu\/index.php?rest_route=\/wp\/v2\/posts\/1773","targetHints":{"allow":["GET"]}}],"collection":[{"href":"https:\/\/fgv.nu\/index.php?rest_route=\/wp\/v2\/posts"}],"about":[{"href":"https:\/\/fgv.nu\/index.php?rest_route=\/wp\/v2\/types\/post"}],"author":[{"embeddable":true,"href":"https:\/\/fgv.nu\/index.php?rest_route=\/wp\/v2\/users\/128"}],"replies":[{"embeddable":true,"href":"https:\/\/fgv.nu\/index.php?rest_route=%2Fwp%2Fv2%2Fcomments&post=1773"}],"version-history":[{"count":1,"href":"https:\/\/fgv.nu\/index.php?rest_route=\/wp\/v2\/posts\/1773\/revisions"}],"predecessor-version":[{"id":1774,"href":"https:\/\/fgv.nu\/index.php?rest_route=\/wp\/v2\/posts\/1773\/revisions\/1774"}],"wp:attachment":[{"href":"https:\/\/fgv.nu\/index.php?rest_route=%2Fwp%2Fv2%2Fmedia&parent=1773"}],"wp:term":[{"taxonomy":"category","embeddable":true,"href":"https:\/\/fgv.nu\/index.php?rest_route=%2Fwp%2Fv2%2Fcategories&post=1773"},{"taxonomy":"post_tag","embeddable":true,"href":"https:\/\/fgv.nu\/index.php?rest_route=%2Fwp%2Fv2%2Ftags&post=1773"}],"curies":[{"name":"wp","href":"https:\/\/api.w.org\/{rel}","templated":true}]}}